{"id":123,"date":"2008-07-13T21:39:55","date_gmt":"2008-07-13T19:39:55","guid":{"rendered":"http:\/\/www.emperador.org\/?p=123"},"modified":"2025-05-29T09:13:25","modified_gmt":"2025-05-29T09:13:25","slug":"una-semana-de-densa-actividad-tic-antes-de-vacaciones","status":"publish","type":"post","link":"https:\/\/www.emperador.org\/index.php\/2008\/07\/13\/una-semana-de-densa-actividad-tic-antes-de-vacaciones\/","title":{"rendered":"Una semana de densa actividad TIC antes de vacaciones"},"content":{"rendered":"<p>Los d\u00edas previos a las vacaciones suelen ser de gran actividad, al menos en lo que a m\u00ed concierne. Tal vez por ello suelo optar por tomarlas en junio\/julio y trabajar en agosto, momento en que me cunde el trabajo como si fueran tres meses.<\/p>\n<p>Pero este a\u00f1o no ha podido ser y, pese a empezar los d\u00edas de descanso el 21 de julio, gran parte de este mes me lo he comido y, con \u00e9l, toda su actividad.<\/p>\n<p>Bueno, pues esta semana solo tengo dos cosillas (adem\u00e1s de lo habitual), pero grandes:<\/p>\n<ul>\n<li>Por un lado estar\u00e9 por el <a href=\"http:\/\/www.virtualeduca.org\/zaragoza2008.htm\" target=\"_blank\">Virtual Educa<\/a>, congreso m\u00e1ximo de e-learning de Hispanoam\u00e9rica, al igual que informan <a href=\"http:\/\/www.antonionovo.com\/blog\/2008\/07\/13\/eventos-tic-del-14-al-20-de-julio-del-2008-en-zaragoza\/\" target=\"_blank\">Antonio Novo<\/a> y <a href=\"http:\/\/camyna.com\/2008\/07\/12\/ix-encuentro-internacional-virtual-educa\/\"  target=\"_blank\">Gabriel del Molino<\/a>. Supongo que nos veremos por ah\u00ed.<\/li>\n<li>Por otro, el mi\u00e9rcoles estar\u00e9 en La Ba\u00f1eza (Le\u00f3n) en el <strong>\u00abCurso de T\u00e9cnicas y m\u00e9todos de gesti\u00f3n y respuesta a incidentes de seguridad en red\u00bb<\/strong> (<a href=\"http:\/\/www.inteco.es\/file\/48059\" target=\"_blank\">ver programa<\/a>) invitado por el <a href=\"http:\/\/www.inteco.es\" target=\"_blank\">INTECO<\/a> (Instituto Nacional de Tecnolog\u00edas de la Comunicaci\u00f3n) y organizado por la <a href=\"http:\/\/www.unileon.es\/\" target=\"_blank\">Universidad de Le\u00f3n<\/a> y ese mismo instituto.<\/li>\n<\/ul>\n<p>A la vuelta, cojo las vacaciones y espero sacar un poquito de tiempo para informaros.<\/p>\n","protected":false},"excerpt":{"rendered":"<p>Los d\u00edas previos a las vacaciones suelen ser de gran actividad, al menos en lo que a m\u00ed concierne. Tal vez por ello suelo optar por tomarlas en junio\/julio y trabajar en agosto, momento en que me cunde el trabajo como si fueran tres meses. Pero este a\u00f1o no ha podido ser y, pese a [&hellip;]<\/p>\n","protected":false},"author":2,"featured_media":581,"comment_status":"open","ping_status":"open","sticky":false,"template":"","format":"standard","meta":{"site-container-style":"default","site-container-layout":"default","site-sidebar-layout":"default","disable-article-header":"default","disable-site-header":"default","disable-site-footer":"default","disable-content-area-spacing":"default","footnotes":""},"categories":[33],"tags":[133,134,34,131,130,132],"class_list":["post-123","post","type-post","status-publish","format-standard","has-post-thumbnail","hentry","category-curro","tag-cert","tag-csirt","tag-formacion","tag-inteco","tag-tic","tag-virtal-educa"],"yoast_head":"<!-- This site is optimized with the Yoast SEO plugin v27.3 - https:\/\/yoast.com\/product\/yoast-seo-wordpress\/ -->\n<title>Una semana de densa actividad TIC antes de vacaciones - Reflexiones y adicciones<\/title>\n<meta name=\"robots\" content=\"index, follow, max-snippet:-1, max-image-preview:large, max-video-preview:-1\" \/>\n<link rel=\"canonical\" href=\"https:\/\/www.emperador.org\/index.php\/2008\/07\/13\/una-semana-de-densa-actividad-tic-antes-de-vacaciones\/\" \/>\n<meta property=\"og:locale\" content=\"es_ES\" \/>\n<meta property=\"og:type\" content=\"article\" \/>\n<meta property=\"og:title\" content=\"Una semana de densa actividad TIC antes de vacaciones - Reflexiones y adicciones\" \/>\n<meta property=\"og:description\" content=\"Los d\u00edas previos a las vacaciones suelen ser de gran actividad, al menos en lo que a m\u00ed concierne. Tal vez por ello suelo optar por tomarlas en junio\/julio y trabajar en agosto, momento en que me cunde el trabajo como si fueran tres meses. Pero este a\u00f1o no ha podido ser y, pese a [&hellip;]\" \/>\n<meta property=\"og:url\" content=\"https:\/\/www.emperador.org\/index.php\/2008\/07\/13\/una-semana-de-densa-actividad-tic-antes-de-vacaciones\/\" \/>\n<meta property=\"og:site_name\" content=\"Reflexiones y adicciones\" \/>\n<meta property=\"article:published_time\" content=\"2008-07-13T19:39:55+00:00\" \/>\n<meta property=\"article:modified_time\" content=\"2025-05-29T09:13:25+00:00\" \/>\n<meta property=\"og:image\" content=\"https:\/\/www.emperador.org\/wp-content\/uploads\/2008\/07\/virtual_educa.png\" \/>\n\t<meta property=\"og:image:width\" content=\"328\" \/>\n\t<meta property=\"og:image:height\" content=\"154\" \/>\n\t<meta property=\"og:image:type\" content=\"image\/png\" \/>\n<meta name=\"author\" content=\"Antonio Emperador Sau\" \/>\n<meta name=\"twitter:card\" content=\"summary_large_image\" \/>\n<meta name=\"twitter:label1\" content=\"Escrito por\" \/>\n\t<meta name=\"twitter:data1\" content=\"Antonio Emperador Sau\" \/>\n\t<meta name=\"twitter:label2\" content=\"Tiempo de lectura\" \/>\n\t<meta name=\"twitter:data2\" content=\"1 minuto\" \/>\n<script type=\"application\/ld+json\" class=\"yoast-schema-graph\">{\"@context\":\"https:\\\/\\\/schema.org\",\"@graph\":[{\"@type\":\"Article\",\"@id\":\"https:\\\/\\\/www.emperador.org\\\/index.php\\\/2008\\\/07\\\/13\\\/una-semana-de-densa-actividad-tic-antes-de-vacaciones\\\/#article\",\"isPartOf\":{\"@id\":\"https:\\\/\\\/www.emperador.org\\\/index.php\\\/2008\\\/07\\\/13\\\/una-semana-de-densa-actividad-tic-antes-de-vacaciones\\\/\"},\"author\":{\"name\":\"Antonio Emperador Sau\",\"@id\":\"https:\\\/\\\/www.emperador.org\\\/#\\\/schema\\\/person\\\/7f3131e5ad3870b5252d2320a24452b7\"},\"headline\":\"Una semana de densa actividad TIC antes de vacaciones\",\"datePublished\":\"2008-07-13T19:39:55+00:00\",\"dateModified\":\"2025-05-29T09:13:25+00:00\",\"mainEntityOfPage\":{\"@id\":\"https:\\\/\\\/www.emperador.org\\\/index.php\\\/2008\\\/07\\\/13\\\/una-semana-de-densa-actividad-tic-antes-de-vacaciones\\\/\"},\"wordCount\":212,\"commentCount\":1,\"publisher\":{\"@id\":\"https:\\\/\\\/www.emperador.org\\\/#\\\/schema\\\/person\\\/7f3131e5ad3870b5252d2320a24452b7\"},\"image\":{\"@id\":\"https:\\\/\\\/www.emperador.org\\\/index.php\\\/2008\\\/07\\\/13\\\/una-semana-de-densa-actividad-tic-antes-de-vacaciones\\\/#primaryimage\"},\"thumbnailUrl\":\"https:\\\/\\\/www.emperador.org\\\/wp-content\\\/uploads\\\/2008\\\/07\\\/virtual_educa.png\",\"keywords\":[\"cert\",\"csirt\",\"formaci\u00f3n\",\"inteco\",\"tic\",\"virtal educa\"],\"articleSection\":[\"Curro\"],\"inLanguage\":\"es\",\"potentialAction\":[{\"@type\":\"CommentAction\",\"name\":\"Comment\",\"target\":[\"https:\\\/\\\/www.emperador.org\\\/index.php\\\/2008\\\/07\\\/13\\\/una-semana-de-densa-actividad-tic-antes-de-vacaciones\\\/#respond\"]}]},{\"@type\":\"WebPage\",\"@id\":\"https:\\\/\\\/www.emperador.org\\\/index.php\\\/2008\\\/07\\\/13\\\/una-semana-de-densa-actividad-tic-antes-de-vacaciones\\\/\",\"url\":\"https:\\\/\\\/www.emperador.org\\\/index.php\\\/2008\\\/07\\\/13\\\/una-semana-de-densa-actividad-tic-antes-de-vacaciones\\\/\",\"name\":\"Una semana de densa actividad TIC antes de vacaciones - Reflexiones y adicciones\",\"isPartOf\":{\"@id\":\"https:\\\/\\\/www.emperador.org\\\/#website\"},\"primaryImageOfPage\":{\"@id\":\"https:\\\/\\\/www.emperador.org\\\/index.php\\\/2008\\\/07\\\/13\\\/una-semana-de-densa-actividad-tic-antes-de-vacaciones\\\/#primaryimage\"},\"image\":{\"@id\":\"https:\\\/\\\/www.emperador.org\\\/index.php\\\/2008\\\/07\\\/13\\\/una-semana-de-densa-actividad-tic-antes-de-vacaciones\\\/#primaryimage\"},\"thumbnailUrl\":\"https:\\\/\\\/www.emperador.org\\\/wp-content\\\/uploads\\\/2008\\\/07\\\/virtual_educa.png\",\"datePublished\":\"2008-07-13T19:39:55+00:00\",\"dateModified\":\"2025-05-29T09:13:25+00:00\",\"breadcrumb\":{\"@id\":\"https:\\\/\\\/www.emperador.org\\\/index.php\\\/2008\\\/07\\\/13\\\/una-semana-de-densa-actividad-tic-antes-de-vacaciones\\\/#breadcrumb\"},\"inLanguage\":\"es\",\"potentialAction\":[{\"@type\":\"ReadAction\",\"target\":[\"https:\\\/\\\/www.emperador.org\\\/index.php\\\/2008\\\/07\\\/13\\\/una-semana-de-densa-actividad-tic-antes-de-vacaciones\\\/\"]}]},{\"@type\":\"ImageObject\",\"inLanguage\":\"es\",\"@id\":\"https:\\\/\\\/www.emperador.org\\\/index.php\\\/2008\\\/07\\\/13\\\/una-semana-de-densa-actividad-tic-antes-de-vacaciones\\\/#primaryimage\",\"url\":\"https:\\\/\\\/www.emperador.org\\\/wp-content\\\/uploads\\\/2008\\\/07\\\/virtual_educa.png\",\"contentUrl\":\"https:\\\/\\\/www.emperador.org\\\/wp-content\\\/uploads\\\/2008\\\/07\\\/virtual_educa.png\",\"width\":328,\"height\":154,\"caption\":\"Virtual Educa\"},{\"@type\":\"BreadcrumbList\",\"@id\":\"https:\\\/\\\/www.emperador.org\\\/index.php\\\/2008\\\/07\\\/13\\\/una-semana-de-densa-actividad-tic-antes-de-vacaciones\\\/#breadcrumb\",\"itemListElement\":[{\"@type\":\"ListItem\",\"position\":1,\"name\":\"Portada\",\"item\":\"https:\\\/\\\/www.emperador.org\\\/\"},{\"@type\":\"ListItem\",\"position\":2,\"name\":\"Una semana de densa actividad TIC antes de vacaciones\"}]},{\"@type\":\"WebSite\",\"@id\":\"https:\\\/\\\/www.emperador.org\\\/#website\",\"url\":\"https:\\\/\\\/www.emperador.org\\\/\",\"name\":\"Reflexiones y adicciones\",\"description\":\"Antonio J. Emperador Sau\",\"publisher\":{\"@id\":\"https:\\\/\\\/www.emperador.org\\\/#\\\/schema\\\/person\\\/7f3131e5ad3870b5252d2320a24452b7\"},\"potentialAction\":[{\"@type\":\"SearchAction\",\"target\":{\"@type\":\"EntryPoint\",\"urlTemplate\":\"https:\\\/\\\/www.emperador.org\\\/?s={search_term_string}\"},\"query-input\":{\"@type\":\"PropertyValueSpecification\",\"valueRequired\":true,\"valueName\":\"search_term_string\"}}],\"inLanguage\":\"es\"},{\"@type\":[\"Person\",\"Organization\"],\"@id\":\"https:\\\/\\\/www.emperador.org\\\/#\\\/schema\\\/person\\\/7f3131e5ad3870b5252d2320a24452b7\",\"name\":\"Antonio Emperador Sau\",\"image\":{\"@type\":\"ImageObject\",\"inLanguage\":\"es\",\"@id\":\"https:\\\/\\\/secure.gravatar.com\\\/avatar\\\/e3af7d1f8a4dc80a2f199c464a2476176b7940ce4dba16c8567686edc926f37a?s=96&d=mm&r=g\",\"url\":\"https:\\\/\\\/secure.gravatar.com\\\/avatar\\\/e3af7d1f8a4dc80a2f199c464a2476176b7940ce4dba16c8567686edc926f37a?s=96&d=mm&r=g\",\"contentUrl\":\"https:\\\/\\\/secure.gravatar.com\\\/avatar\\\/e3af7d1f8a4dc80a2f199c464a2476176b7940ce4dba16c8567686edc926f37a?s=96&d=mm&r=g\",\"caption\":\"Antonio Emperador Sau\"},\"logo\":{\"@id\":\"https:\\\/\\\/secure.gravatar.com\\\/avatar\\\/e3af7d1f8a4dc80a2f199c464a2476176b7940ce4dba16c8567686edc926f37a?s=96&d=mm&r=g\"},\"sameAs\":[\"https:\\\/\\\/www.emperador.org\"],\"url\":\"https:\\\/\\\/www.emperador.org\\\/index.php\\\/author\\\/antonio\\\/\"}]}<\/script>\n<!-- \/ Yoast SEO plugin. -->","yoast_head_json":{"title":"Una semana de densa actividad TIC antes de vacaciones - Reflexiones y adicciones","robots":{"index":"index","follow":"follow","max-snippet":"max-snippet:-1","max-image-preview":"max-image-preview:large","max-video-preview":"max-video-preview:-1"},"canonical":"https:\/\/www.emperador.org\/index.php\/2008\/07\/13\/una-semana-de-densa-actividad-tic-antes-de-vacaciones\/","og_locale":"es_ES","og_type":"article","og_title":"Una semana de densa actividad TIC antes de vacaciones - Reflexiones y adicciones","og_description":"Los d\u00edas previos a las vacaciones suelen ser de gran actividad, al menos en lo que a m\u00ed concierne. Tal vez por ello suelo optar por tomarlas en junio\/julio y trabajar en agosto, momento en que me cunde el trabajo como si fueran tres meses. Pero este a\u00f1o no ha podido ser y, pese a [&hellip;]","og_url":"https:\/\/www.emperador.org\/index.php\/2008\/07\/13\/una-semana-de-densa-actividad-tic-antes-de-vacaciones\/","og_site_name":"Reflexiones y adicciones","article_published_time":"2008-07-13T19:39:55+00:00","article_modified_time":"2025-05-29T09:13:25+00:00","og_image":[{"width":328,"height":154,"url":"https:\/\/www.emperador.org\/wp-content\/uploads\/2008\/07\/virtual_educa.png","type":"image\/png"}],"author":"Antonio Emperador Sau","twitter_card":"summary_large_image","twitter_misc":{"Escrito por":"Antonio Emperador Sau","Tiempo de lectura":"1 minuto"},"schema":{"@context":"https:\/\/schema.org","@graph":[{"@type":"Article","@id":"https:\/\/www.emperador.org\/index.php\/2008\/07\/13\/una-semana-de-densa-actividad-tic-antes-de-vacaciones\/#article","isPartOf":{"@id":"https:\/\/www.emperador.org\/index.php\/2008\/07\/13\/una-semana-de-densa-actividad-tic-antes-de-vacaciones\/"},"author":{"name":"Antonio Emperador Sau","@id":"https:\/\/www.emperador.org\/#\/schema\/person\/7f3131e5ad3870b5252d2320a24452b7"},"headline":"Una semana de densa actividad TIC antes de vacaciones","datePublished":"2008-07-13T19:39:55+00:00","dateModified":"2025-05-29T09:13:25+00:00","mainEntityOfPage":{"@id":"https:\/\/www.emperador.org\/index.php\/2008\/07\/13\/una-semana-de-densa-actividad-tic-antes-de-vacaciones\/"},"wordCount":212,"commentCount":1,"publisher":{"@id":"https:\/\/www.emperador.org\/#\/schema\/person\/7f3131e5ad3870b5252d2320a24452b7"},"image":{"@id":"https:\/\/www.emperador.org\/index.php\/2008\/07\/13\/una-semana-de-densa-actividad-tic-antes-de-vacaciones\/#primaryimage"},"thumbnailUrl":"https:\/\/www.emperador.org\/wp-content\/uploads\/2008\/07\/virtual_educa.png","keywords":["cert","csirt","formaci\u00f3n","inteco","tic","virtal educa"],"articleSection":["Curro"],"inLanguage":"es","potentialAction":[{"@type":"CommentAction","name":"Comment","target":["https:\/\/www.emperador.org\/index.php\/2008\/07\/13\/una-semana-de-densa-actividad-tic-antes-de-vacaciones\/#respond"]}]},{"@type":"WebPage","@id":"https:\/\/www.emperador.org\/index.php\/2008\/07\/13\/una-semana-de-densa-actividad-tic-antes-de-vacaciones\/","url":"https:\/\/www.emperador.org\/index.php\/2008\/07\/13\/una-semana-de-densa-actividad-tic-antes-de-vacaciones\/","name":"Una semana de densa actividad TIC antes de vacaciones - Reflexiones y adicciones","isPartOf":{"@id":"https:\/\/www.emperador.org\/#website"},"primaryImageOfPage":{"@id":"https:\/\/www.emperador.org\/index.php\/2008\/07\/13\/una-semana-de-densa-actividad-tic-antes-de-vacaciones\/#primaryimage"},"image":{"@id":"https:\/\/www.emperador.org\/index.php\/2008\/07\/13\/una-semana-de-densa-actividad-tic-antes-de-vacaciones\/#primaryimage"},"thumbnailUrl":"https:\/\/www.emperador.org\/wp-content\/uploads\/2008\/07\/virtual_educa.png","datePublished":"2008-07-13T19:39:55+00:00","dateModified":"2025-05-29T09:13:25+00:00","breadcrumb":{"@id":"https:\/\/www.emperador.org\/index.php\/2008\/07\/13\/una-semana-de-densa-actividad-tic-antes-de-vacaciones\/#breadcrumb"},"inLanguage":"es","potentialAction":[{"@type":"ReadAction","target":["https:\/\/www.emperador.org\/index.php\/2008\/07\/13\/una-semana-de-densa-actividad-tic-antes-de-vacaciones\/"]}]},{"@type":"ImageObject","inLanguage":"es","@id":"https:\/\/www.emperador.org\/index.php\/2008\/07\/13\/una-semana-de-densa-actividad-tic-antes-de-vacaciones\/#primaryimage","url":"https:\/\/www.emperador.org\/wp-content\/uploads\/2008\/07\/virtual_educa.png","contentUrl":"https:\/\/www.emperador.org\/wp-content\/uploads\/2008\/07\/virtual_educa.png","width":328,"height":154,"caption":"Virtual Educa"},{"@type":"BreadcrumbList","@id":"https:\/\/www.emperador.org\/index.php\/2008\/07\/13\/una-semana-de-densa-actividad-tic-antes-de-vacaciones\/#breadcrumb","itemListElement":[{"@type":"ListItem","position":1,"name":"Portada","item":"https:\/\/www.emperador.org\/"},{"@type":"ListItem","position":2,"name":"Una semana de densa actividad TIC antes de vacaciones"}]},{"@type":"WebSite","@id":"https:\/\/www.emperador.org\/#website","url":"https:\/\/www.emperador.org\/","name":"Reflexiones y adicciones","description":"Antonio J. Emperador Sau","publisher":{"@id":"https:\/\/www.emperador.org\/#\/schema\/person\/7f3131e5ad3870b5252d2320a24452b7"},"potentialAction":[{"@type":"SearchAction","target":{"@type":"EntryPoint","urlTemplate":"https:\/\/www.emperador.org\/?s={search_term_string}"},"query-input":{"@type":"PropertyValueSpecification","valueRequired":true,"valueName":"search_term_string"}}],"inLanguage":"es"},{"@type":["Person","Organization"],"@id":"https:\/\/www.emperador.org\/#\/schema\/person\/7f3131e5ad3870b5252d2320a24452b7","name":"Antonio Emperador Sau","image":{"@type":"ImageObject","inLanguage":"es","@id":"https:\/\/secure.gravatar.com\/avatar\/e3af7d1f8a4dc80a2f199c464a2476176b7940ce4dba16c8567686edc926f37a?s=96&d=mm&r=g","url":"https:\/\/secure.gravatar.com\/avatar\/e3af7d1f8a4dc80a2f199c464a2476176b7940ce4dba16c8567686edc926f37a?s=96&d=mm&r=g","contentUrl":"https:\/\/secure.gravatar.com\/avatar\/e3af7d1f8a4dc80a2f199c464a2476176b7940ce4dba16c8567686edc926f37a?s=96&d=mm&r=g","caption":"Antonio Emperador Sau"},"logo":{"@id":"https:\/\/secure.gravatar.com\/avatar\/e3af7d1f8a4dc80a2f199c464a2476176b7940ce4dba16c8567686edc926f37a?s=96&d=mm&r=g"},"sameAs":["https:\/\/www.emperador.org"],"url":"https:\/\/www.emperador.org\/index.php\/author\/antonio\/"}]}},"_links":{"self":[{"href":"https:\/\/www.emperador.org\/index.php\/wp-json\/wp\/v2\/posts\/123","targetHints":{"allow":["GET"]}}],"collection":[{"href":"https:\/\/www.emperador.org\/index.php\/wp-json\/wp\/v2\/posts"}],"about":[{"href":"https:\/\/www.emperador.org\/index.php\/wp-json\/wp\/v2\/types\/post"}],"author":[{"embeddable":true,"href":"https:\/\/www.emperador.org\/index.php\/wp-json\/wp\/v2\/users\/2"}],"replies":[{"embeddable":true,"href":"https:\/\/www.emperador.org\/index.php\/wp-json\/wp\/v2\/comments?post=123"}],"version-history":[{"count":1,"href":"https:\/\/www.emperador.org\/index.php\/wp-json\/wp\/v2\/posts\/123\/revisions"}],"predecessor-version":[{"id":582,"href":"https:\/\/www.emperador.org\/index.php\/wp-json\/wp\/v2\/posts\/123\/revisions\/582"}],"wp:featuredmedia":[{"embeddable":true,"href":"https:\/\/www.emperador.org\/index.php\/wp-json\/wp\/v2\/media\/581"}],"wp:attachment":[{"href":"https:\/\/www.emperador.org\/index.php\/wp-json\/wp\/v2\/media?parent=123"}],"wp:term":[{"taxonomy":"category","embeddable":true,"href":"https:\/\/www.emperador.org\/index.php\/wp-json\/wp\/v2\/categories?post=123"},{"taxonomy":"post_tag","embeddable":true,"href":"https:\/\/www.emperador.org\/index.php\/wp-json\/wp\/v2\/tags?post=123"}],"curies":[{"name":"wp","href":"https:\/\/api.w.org\/{rel}","templated":true}]}}