{"id":162,"date":"2008-09-06T20:47:45","date_gmt":"2008-09-06T18:47:45","guid":{"rendered":"http:\/\/www.emperador.org\/?p=162"},"modified":"2025-05-28T11:25:04","modified_gmt":"2025-05-28T11:25:04","slug":"septiembre-agridulce-como-las-salsas-de-los-restaurantes-chinos","status":"publish","type":"post","link":"https:\/\/www.emperador.org\/index.php\/2008\/09\/06\/septiembre-agridulce-como-las-salsas-de-los-restaurantes-chinos\/","title":{"rendered":"Septiembre agridulce (como las salsas de los restaurantes chinos)"},"content":{"rendered":"<p>Ha vuelto a suceder, queridos seguidores. <strong>Septiembre<\/strong> se ha presentado con su crudeza, esperanza y colecci\u00f3n de fasc\u00edculos de armas de guerra oriental de la actualidad.<\/p>\n<p>Y es que esto es as\u00ed. Uno echa la culpa al retorno de las vacaciones, la vuelta del estr\u00e9s y los gastos del cole de los ninios, pero no es as\u00ed. La culpa es de septiembre. La prueba menos refutable se encuentra en que yo he vuelto a trabajar en agosto y no ha pasado nada. Pero volvemos el primero de septiembre y todo es distinto. Insisto, la culpa es del maldito mes, contradictorio hasta en su nombre (\u00bfporqu\u00e9 es \u00abs\u00e9ptimo\u00bb si es \u00abnoveno\u00bb?)<\/p>\n<p>Porque es un mes de rupturas. La del retorno al curro es muy conocida y no insistir\u00e9. Solamente comentar que los caretos y tocaduras de oeufs de los compa\u00f1eros y jefes son insoportables. Se dir\u00eda que han sido infelices y quieren descargar su impotencia en quienes hemos aguantado estoicamente las can\u00edculas del mes octavo (este s\u00ed, el de Augusto, por cierto Emperador, como yo). Incluso llegan a producirse situaciones parad\u00f3jicas (bueno, como dir\u00eda alguien que yo s\u00e9 \u00abkafkianas\u00bb ;)); como resulta que t\u00fa, ingenuo, te fuiste a mitad de julio y ellos vueven a finales de agosto, la conclusi\u00f3n es obvia: has estado mes y medio de vacaciones.<\/p>\n<p>Pero el curro es lo de menos. Al fin y al cabo uno se hace en un par de d\u00edas a la rutina y ya est\u00e1. Lo peor son otras cosas. Por ejemplo: septiembre es el \u00faltimo mes del a\u00f1o en que puedes admirar los generosos escotes y tirantes de sujetador de colores chillones. Esto que parece trivial, no lo es tanto para quienes crecimos en un momento digamos al menos que dudoso (adolescencia con destape incluida). Para nosotros la prenda m\u00e1s \u00edntima visible en la parte superior de una chica era una hombrera. La fugaz visi\u00f3n de un pliegue de sujetador al asomar en la convexidad producida por dos botones de una camisa ajustada era digna de recuerdos y poluciones nocturnas. Pero eran otros tiempos&#8230;<\/p>\n<p>Durante mucho tiempo mantuve la opini\u00f3n de que lo mejor de ir adquiriendo cierta edad era la ampliaci\u00f3n del n\u00famero de mujeres que te pod\u00edan llegar a gustar. Me explico: a los veinte a\u00f1os te gustan las chicas desde los 14 (o un poco m\u00e1s, que son unas ni\u00f1as) hasta los veintipocos (que ya son unas abuelas). Con el paso del tiempo, el intervalo de edad se ampl\u00eda y as\u00ed, a los cuarenta, te gustand desde los 14 hasta los cuarenta y poco. Eso est\u00e1 bien y lo mantuve hasta no hace mucho en que mi amigo <strong>Juan Carlos \u00abel moro\u00bb<\/strong> (un tanto mayor que yo y m\u00e1s precoz en dejar descendencia) me explic\u00f3 que mi tesis era cierta salvo en un aspecto: llegaba un momento en que tus hijas crec\u00edan y alcanzaban edades que limitaban tu espectro mujeriego. As\u00ed, cuando tu hija cumple los 14 ya no ves chicas sino a tu hija y otras enemigas y, por tanto, dejan de gustar. Tal vez sea una respuesta de la Naturaleza a estas actividades promiscuas.<\/p>\n<p>Pero estaba hablando de septiembre y sus cosas, no de mujeres. Siento irme del tema.<\/p>\n<p>Septiembre tambi\u00e9n es el mes de los fasc\u00edculos por excelencia (tal vez junto a enero, pero eso es otra cosa). Poco podemos comentar que no se haya dicho ya por la televisi\u00f3n, as\u00ed que no insisto. Y tambi\u00e9n es el mes de las propuestas. Todo nos lo proponemos para mejorar: vamos a empezar a correr, tomaremos esa dieta que hemos abandonado en dieciocho ocasiones anteriores, volveremos al gimnasio como cuando ten\u00edamos dieciocho, etc. Y eso est\u00e1 bien, sobre todo cuando una semana despu\u00e9s volvemos a la rutina ya comentada del curro&#8230;<\/p>\n<p>Y en Zaragoza, como durante todo el verano, septiembre est\u00e1 en la boca de todos por la <a href=\"http:\/\/www.expozaragoza2008.com\" target=\"_blank\" rel=\"noopener\">Expo<\/a>. Es el \u00faltimo momento: tenemos que ver esos pabellones que nos faltan, entrar todos los d\u00edas a ver no-s\u00e9-qu\u00e9, pasear por la Avenida 2008 para tropezar con todo el mundo y, sobre todo, aprovechar lo poco que queda, que no se va a repetir y que lo que vemos ya no estar\u00e1 en unos meses. Pese a ser cierto, uno empieza a estar harto de ello. \u00daltimamente ya no disfruto en la Expo lo que disfrut\u00e9 al principio. Todo son tumultos, gente y barullo. Me recuerdan a los odiados s\u00e1bados de diciembre en El Corte Ingl\u00e9s. No los aguanto.<\/p>\n<p>Bien es cierto que sigo acudiendo y buena prueba de ello son los dos v\u00eddeos peque\u00f1itos (y de \u00ednfima calidad) que dejo para el recuerdo. Son los dos \u00faltimos que he visto en la Expo y lo cierto es que he disfrutado (pese a lo dicho de encuentro multitudinario). Poco tienen que ver en estilo, pero es que yo nunca lo he tenido ;), ya sab\u00e9is, y los dos me gustaron y me gustan.<\/p>\n<p>Corresponden el primero a <a href=\"http:\/\/www.juanluisguerra440.com\/\" target=\"_blank\" rel=\"noopener\">Juan Luis Guerra<\/a> (dejo <strong>\u00abA pedir mi mano\u00bb<\/strong> que aunque es hortera de narices, tiene su marcha y es el \u00fanico que grab\u00e9 entero) que estuvo por ac\u00e1 el pasado s\u00e1bado 29 de agosto. Al concierto acudi\u00f3 hasta uno que pasaba por Tudela y por ello se armaron hasta broncas por la prohibici\u00f3n de acceso. Adem\u00e1s era s\u00e1bado 29, pen\u00faltimo d\u00eda en que caducaban muchos pases de tres d\u00edas. Vamos, un foll\u00f3n de narices. Pero el concierto en s\u00ed, muy bien, con mucha entrega, mucha bachata y marcheta \u00abpa bail\u00e1\u00bb, en la l\u00ednea de Juan Luis Guerra.<\/p>\n<p><iframe loading=\"lazy\" title=\"YouTube video player\" src=\"https:\/\/www.youtube.com\/embed\/uQBj3g0tZNo?si=h7PreZsepWR67IkN\" width=\"560\" height=\"315\" frameborder=\"0\" allowfullscreen=\"allowfullscreen\"><\/iframe><\/p>\n<p>Y el segundo al mini-concierto con que nos deleitaron los abuelos <a href=\"http:\/\/www.thechieftains.com\" target=\"_blank\" rel=\"noopener\">The Chieftains<\/a> el pasado jueves en la Plaza Arag\u00f3n de la Expo. Mini porque dur\u00f3 apenas una hora (incluido un bis), abuelos porque llevan desde 1963 y deleitaron porque fue una delicia volver a o\u00edrles tanto tiempo despu\u00e9s (los sonidos deliciososo de \u00ab<a href=\"http:\/\/en.wikipedia.org\/wiki\/Women_of_Ireland\" target=\"_blank\" rel=\"noopener\">Women Of Ireland<\/a>\u00bb de la banda sonora de \u00ab<a href=\"http:\/\/www.adictosalcine.com\/ver_pelicula.phtml?cod=1699\" target=\"_blank\" rel=\"noopener\">Barry Lyndon<\/a>\u00bb de mi favorito <a href=\"http:\/\/es.wikipedia.org\/wiki\/Stanley_Kubrick\" target=\"_blank\" rel=\"noopener\">Stanley Kubrick<\/a> nos envolvieron e hicieron m\u00e1gica la noche, de nuevo). Por cierto, pod\u00e9is ver m\u00e1s v\u00eddeos y cr\u00f3nica en la Web de Gaby (<a href=\"http:\/\/camyna.com\/2008\/09\/05\/the-chieftains\/\" target=\"_blank\" rel=\"noopener\">\u00abThe Chieftains\u00bb<\/a>) y en la de la Expo (<a href=\"http:\/\/www.expozaragoza2008.es\/blog\/index.php\/2008\/09\/05\/chieftains-los-jefes-de-la-musica-irlandesa\/\" target=\"_blank\" rel=\"noopener\">\u00abChieftains, los jefes de la m\u00fasica irlandesa\u00bb<\/a>).<\/p>\n<p><iframe loading=\"lazy\" title=\"YouTube video player\" src=\"https:\/\/www.youtube.com\/embed\/k0uxceoHzyM?si=XYYWAM233Sf_i8hu\" width=\"560\" height=\"315\" frameborder=\"0\" allowfullscreen=\"allowfullscreen\"><\/iframe><\/p>\n<p>Pero me he vuelto a ir un poco y no he terminado con el mes. De hecho estamos s\u00f3lo a 6. Incluso me podr\u00edais reprender el porqu\u00e9 del t\u00edtulo \u00abagridulce\u00bb. Hasta ahora todo ha sido \u00abagri\u00bb y falta el \u00abdulce\u00bb. Para m\u00ed septiembre es dulce porque todav\u00eda se vive en la calle, el tiempo es pl\u00e1cido, vuelve a llover al fin despu\u00e9s de tantos meses y, en el fondo, es encantador ver a los ni\u00f1os llorando con su inocencia a la entrada del cole, inermes ante lo que se les viene. O tal vez sea porque casi todos los cortes con mis ex-novias se produc\u00edan este mes. O, seguramente, porque el t\u00edtulo del post me gustaba, no as\u00ed la comedia rom\u00e1ntica de la cual se ha producido el plagio (<a href=\"http:\/\/www.adictosalcine.com\/ver_pelicula.phtml?cod=15319\" target=\"_blank\" rel=\"noopener\">Noviembre Dulce<\/a>)&#8230;<\/p>\n","protected":false},"excerpt":{"rendered":"<p>Ha vuelto a suceder, queridos seguidores. Septiembre se ha presentado con su crudeza, esperanza y colecci\u00f3n de fasc\u00edculos de armas de guerra oriental de la actualidad. Y es que esto es as\u00ed. Uno echa la culpa al retorno de las vacaciones, la vuelta del estr\u00e9s y los gastos del cole de los ninios, pero no [&hellip;]<\/p>\n","protected":false},"author":2,"featured_media":550,"comment_status":"open","ping_status":"open","sticky":false,"template":"","format":"standard","meta":{"site-container-style":"default","site-container-layout":"default","site-sidebar-layout":"default","disable-article-header":"default","disable-site-header":"default","disable-site-footer":"default","disable-content-area-spacing":"default","footnotes":""},"categories":[28,8],"tags":[150,122,73,147,210,209,146,149,148],"class_list":["post-162","post","type-post","status-publish","format-standard","has-post-thumbnail","hentry","category-cascarrabias","category-personal","tag-barry-lyndon","tag-expo-zaragoza-2008","tag-expozaragoza2008","tag-juan-luis-guerra","tag-musica","tag-personal","tag-septiembre","tag-stanley-kubrick","tag-the-chieftains"],"yoast_head":"<!-- This site is optimized with the Yoast SEO plugin v27.3 - https:\/\/yoast.com\/product\/yoast-seo-wordpress\/ -->\n<title>Septiembre agridulce (como las salsas de los restaurantes chinos) - Reflexiones y adicciones<\/title>\n<meta name=\"robots\" content=\"index, follow, max-snippet:-1, max-image-preview:large, max-video-preview:-1\" \/>\n<link rel=\"canonical\" href=\"https:\/\/www.emperador.org\/index.php\/2008\/09\/06\/septiembre-agridulce-como-las-salsas-de-los-restaurantes-chinos\/\" \/>\n<meta property=\"og:locale\" content=\"es_ES\" \/>\n<meta property=\"og:type\" content=\"article\" \/>\n<meta property=\"og:title\" content=\"Septiembre agridulce (como las salsas de los restaurantes chinos) - Reflexiones y adicciones\" \/>\n<meta property=\"og:description\" content=\"Ha vuelto a suceder, queridos seguidores. Septiembre se ha presentado con su crudeza, esperanza y colecci\u00f3n de fasc\u00edculos de armas de guerra oriental de la actualidad. Y es que esto es as\u00ed. Uno echa la culpa al retorno de las vacaciones, la vuelta del estr\u00e9s y los gastos del cole de los ninios, pero no [&hellip;]\" \/>\n<meta property=\"og:url\" content=\"https:\/\/www.emperador.org\/index.php\/2008\/09\/06\/septiembre-agridulce-como-las-salsas-de-los-restaurantes-chinos\/\" \/>\n<meta property=\"og:site_name\" content=\"Reflexiones y adicciones\" \/>\n<meta property=\"article:published_time\" content=\"2008-09-06T18:47:45+00:00\" \/>\n<meta property=\"article:modified_time\" content=\"2025-05-28T11:25:04+00:00\" \/>\n<meta property=\"og:image\" content=\"https:\/\/www.emperador.org\/wp-content\/uploads\/2008\/09\/30082008564-scaled-e1748431458875.jpg\" \/>\n\t<meta property=\"og:image:width\" content=\"800\" \/>\n\t<meta property=\"og:image:height\" content=\"600\" \/>\n\t<meta property=\"og:image:type\" content=\"image\/jpeg\" \/>\n<meta name=\"author\" content=\"Antonio Emperador Sau\" \/>\n<meta name=\"twitter:card\" content=\"summary_large_image\" \/>\n<meta name=\"twitter:label1\" content=\"Escrito por\" \/>\n\t<meta name=\"twitter:data1\" content=\"Antonio Emperador Sau\" \/>\n\t<meta name=\"twitter:label2\" content=\"Tiempo de lectura\" \/>\n\t<meta name=\"twitter:data2\" content=\"6 minutos\" \/>\n<script type=\"application\/ld+json\" class=\"yoast-schema-graph\">{\"@context\":\"https:\\\/\\\/schema.org\",\"@graph\":[{\"@type\":\"Article\",\"@id\":\"https:\\\/\\\/www.emperador.org\\\/index.php\\\/2008\\\/09\\\/06\\\/septiembre-agridulce-como-las-salsas-de-los-restaurantes-chinos\\\/#article\",\"isPartOf\":{\"@id\":\"https:\\\/\\\/www.emperador.org\\\/index.php\\\/2008\\\/09\\\/06\\\/septiembre-agridulce-como-las-salsas-de-los-restaurantes-chinos\\\/\"},\"author\":{\"name\":\"Antonio Emperador Sau\",\"@id\":\"https:\\\/\\\/www.emperador.org\\\/#\\\/schema\\\/person\\\/7f3131e5ad3870b5252d2320a24452b7\"},\"headline\":\"Septiembre agridulce (como las salsas de los restaurantes chinos)\",\"datePublished\":\"2008-09-06T18:47:45+00:00\",\"dateModified\":\"2025-05-28T11:25:04+00:00\",\"mainEntityOfPage\":{\"@id\":\"https:\\\/\\\/www.emperador.org\\\/index.php\\\/2008\\\/09\\\/06\\\/septiembre-agridulce-como-las-salsas-de-los-restaurantes-chinos\\\/\"},\"wordCount\":1217,\"commentCount\":2,\"publisher\":{\"@id\":\"https:\\\/\\\/www.emperador.org\\\/#\\\/schema\\\/person\\\/7f3131e5ad3870b5252d2320a24452b7\"},\"image\":{\"@id\":\"https:\\\/\\\/www.emperador.org\\\/index.php\\\/2008\\\/09\\\/06\\\/septiembre-agridulce-como-las-salsas-de-los-restaurantes-chinos\\\/#primaryimage\"},\"thumbnailUrl\":\"https:\\\/\\\/www.emperador.org\\\/wp-content\\\/uploads\\\/2008\\\/09\\\/30082008564-scaled-e1748431458875.jpg\",\"keywords\":[\"barry lyndon\",\"Expo Zaragoza 2008\",\"expozaragoza2008\",\"juan luis guerra\",\"M\u00fasica\",\"Personal\",\"septiembre\",\"stanley kubrick\",\"the chieftains\"],\"articleSection\":[\"Cascarrabias\",\"Personal\"],\"inLanguage\":\"es\",\"potentialAction\":[{\"@type\":\"CommentAction\",\"name\":\"Comment\",\"target\":[\"https:\\\/\\\/www.emperador.org\\\/index.php\\\/2008\\\/09\\\/06\\\/septiembre-agridulce-como-las-salsas-de-los-restaurantes-chinos\\\/#respond\"]}]},{\"@type\":\"WebPage\",\"@id\":\"https:\\\/\\\/www.emperador.org\\\/index.php\\\/2008\\\/09\\\/06\\\/septiembre-agridulce-como-las-salsas-de-los-restaurantes-chinos\\\/\",\"url\":\"https:\\\/\\\/www.emperador.org\\\/index.php\\\/2008\\\/09\\\/06\\\/septiembre-agridulce-como-las-salsas-de-los-restaurantes-chinos\\\/\",\"name\":\"Septiembre agridulce (como las salsas de los restaurantes chinos) - Reflexiones y adicciones\",\"isPartOf\":{\"@id\":\"https:\\\/\\\/www.emperador.org\\\/#website\"},\"primaryImageOfPage\":{\"@id\":\"https:\\\/\\\/www.emperador.org\\\/index.php\\\/2008\\\/09\\\/06\\\/septiembre-agridulce-como-las-salsas-de-los-restaurantes-chinos\\\/#primaryimage\"},\"image\":{\"@id\":\"https:\\\/\\\/www.emperador.org\\\/index.php\\\/2008\\\/09\\\/06\\\/septiembre-agridulce-como-las-salsas-de-los-restaurantes-chinos\\\/#primaryimage\"},\"thumbnailUrl\":\"https:\\\/\\\/www.emperador.org\\\/wp-content\\\/uploads\\\/2008\\\/09\\\/30082008564-scaled-e1748431458875.jpg\",\"datePublished\":\"2008-09-06T18:47:45+00:00\",\"dateModified\":\"2025-05-28T11:25:04+00:00\",\"breadcrumb\":{\"@id\":\"https:\\\/\\\/www.emperador.org\\\/index.php\\\/2008\\\/09\\\/06\\\/septiembre-agridulce-como-las-salsas-de-los-restaurantes-chinos\\\/#breadcrumb\"},\"inLanguage\":\"es\",\"potentialAction\":[{\"@type\":\"ReadAction\",\"target\":[\"https:\\\/\\\/www.emperador.org\\\/index.php\\\/2008\\\/09\\\/06\\\/septiembre-agridulce-como-las-salsas-de-los-restaurantes-chinos\\\/\"]}]},{\"@type\":\"ImageObject\",\"inLanguage\":\"es\",\"@id\":\"https:\\\/\\\/www.emperador.org\\\/index.php\\\/2008\\\/09\\\/06\\\/septiembre-agridulce-como-las-salsas-de-los-restaurantes-chinos\\\/#primaryimage\",\"url\":\"https:\\\/\\\/www.emperador.org\\\/wp-content\\\/uploads\\\/2008\\\/09\\\/30082008564-scaled-e1748431458875.jpg\",\"contentUrl\":\"https:\\\/\\\/www.emperador.org\\\/wp-content\\\/uploads\\\/2008\\\/09\\\/30082008564-scaled-e1748431458875.jpg\",\"width\":800,\"height\":600,\"caption\":\"Actuaci\u00f3n de Juan Luis Guerra en la Expo 2008\"},{\"@type\":\"BreadcrumbList\",\"@id\":\"https:\\\/\\\/www.emperador.org\\\/index.php\\\/2008\\\/09\\\/06\\\/septiembre-agridulce-como-las-salsas-de-los-restaurantes-chinos\\\/#breadcrumb\",\"itemListElement\":[{\"@type\":\"ListItem\",\"position\":1,\"name\":\"Portada\",\"item\":\"https:\\\/\\\/www.emperador.org\\\/\"},{\"@type\":\"ListItem\",\"position\":2,\"name\":\"Septiembre agridulce (como las salsas de los restaurantes chinos)\"}]},{\"@type\":\"WebSite\",\"@id\":\"https:\\\/\\\/www.emperador.org\\\/#website\",\"url\":\"https:\\\/\\\/www.emperador.org\\\/\",\"name\":\"Reflexiones y adicciones\",\"description\":\"Antonio J. Emperador Sau\",\"publisher\":{\"@id\":\"https:\\\/\\\/www.emperador.org\\\/#\\\/schema\\\/person\\\/7f3131e5ad3870b5252d2320a24452b7\"},\"potentialAction\":[{\"@type\":\"SearchAction\",\"target\":{\"@type\":\"EntryPoint\",\"urlTemplate\":\"https:\\\/\\\/www.emperador.org\\\/?s={search_term_string}\"},\"query-input\":{\"@type\":\"PropertyValueSpecification\",\"valueRequired\":true,\"valueName\":\"search_term_string\"}}],\"inLanguage\":\"es\"},{\"@type\":[\"Person\",\"Organization\"],\"@id\":\"https:\\\/\\\/www.emperador.org\\\/#\\\/schema\\\/person\\\/7f3131e5ad3870b5252d2320a24452b7\",\"name\":\"Antonio Emperador Sau\",\"image\":{\"@type\":\"ImageObject\",\"inLanguage\":\"es\",\"@id\":\"https:\\\/\\\/secure.gravatar.com\\\/avatar\\\/e3af7d1f8a4dc80a2f199c464a2476176b7940ce4dba16c8567686edc926f37a?s=96&d=mm&r=g\",\"url\":\"https:\\\/\\\/secure.gravatar.com\\\/avatar\\\/e3af7d1f8a4dc80a2f199c464a2476176b7940ce4dba16c8567686edc926f37a?s=96&d=mm&r=g\",\"contentUrl\":\"https:\\\/\\\/secure.gravatar.com\\\/avatar\\\/e3af7d1f8a4dc80a2f199c464a2476176b7940ce4dba16c8567686edc926f37a?s=96&d=mm&r=g\",\"caption\":\"Antonio Emperador Sau\"},\"logo\":{\"@id\":\"https:\\\/\\\/secure.gravatar.com\\\/avatar\\\/e3af7d1f8a4dc80a2f199c464a2476176b7940ce4dba16c8567686edc926f37a?s=96&d=mm&r=g\"},\"sameAs\":[\"https:\\\/\\\/www.emperador.org\"],\"url\":\"https:\\\/\\\/www.emperador.org\\\/index.php\\\/author\\\/antonio\\\/\"}]}<\/script>\n<!-- \/ Yoast SEO plugin. -->","yoast_head_json":{"title":"Septiembre agridulce (como las salsas de los restaurantes chinos) - Reflexiones y adicciones","robots":{"index":"index","follow":"follow","max-snippet":"max-snippet:-1","max-image-preview":"max-image-preview:large","max-video-preview":"max-video-preview:-1"},"canonical":"https:\/\/www.emperador.org\/index.php\/2008\/09\/06\/septiembre-agridulce-como-las-salsas-de-los-restaurantes-chinos\/","og_locale":"es_ES","og_type":"article","og_title":"Septiembre agridulce (como las salsas de los restaurantes chinos) - Reflexiones y adicciones","og_description":"Ha vuelto a suceder, queridos seguidores. Septiembre se ha presentado con su crudeza, esperanza y colecci\u00f3n de fasc\u00edculos de armas de guerra oriental de la actualidad. Y es que esto es as\u00ed. Uno echa la culpa al retorno de las vacaciones, la vuelta del estr\u00e9s y los gastos del cole de los ninios, pero no [&hellip;]","og_url":"https:\/\/www.emperador.org\/index.php\/2008\/09\/06\/septiembre-agridulce-como-las-salsas-de-los-restaurantes-chinos\/","og_site_name":"Reflexiones y adicciones","article_published_time":"2008-09-06T18:47:45+00:00","article_modified_time":"2025-05-28T11:25:04+00:00","og_image":[{"width":800,"height":600,"url":"https:\/\/www.emperador.org\/wp-content\/uploads\/2008\/09\/30082008564-scaled-e1748431458875.jpg","type":"image\/jpeg"}],"author":"Antonio Emperador Sau","twitter_card":"summary_large_image","twitter_misc":{"Escrito por":"Antonio Emperador Sau","Tiempo de lectura":"6 minutos"},"schema":{"@context":"https:\/\/schema.org","@graph":[{"@type":"Article","@id":"https:\/\/www.emperador.org\/index.php\/2008\/09\/06\/septiembre-agridulce-como-las-salsas-de-los-restaurantes-chinos\/#article","isPartOf":{"@id":"https:\/\/www.emperador.org\/index.php\/2008\/09\/06\/septiembre-agridulce-como-las-salsas-de-los-restaurantes-chinos\/"},"author":{"name":"Antonio Emperador Sau","@id":"https:\/\/www.emperador.org\/#\/schema\/person\/7f3131e5ad3870b5252d2320a24452b7"},"headline":"Septiembre agridulce (como las salsas de los restaurantes chinos)","datePublished":"2008-09-06T18:47:45+00:00","dateModified":"2025-05-28T11:25:04+00:00","mainEntityOfPage":{"@id":"https:\/\/www.emperador.org\/index.php\/2008\/09\/06\/septiembre-agridulce-como-las-salsas-de-los-restaurantes-chinos\/"},"wordCount":1217,"commentCount":2,"publisher":{"@id":"https:\/\/www.emperador.org\/#\/schema\/person\/7f3131e5ad3870b5252d2320a24452b7"},"image":{"@id":"https:\/\/www.emperador.org\/index.php\/2008\/09\/06\/septiembre-agridulce-como-las-salsas-de-los-restaurantes-chinos\/#primaryimage"},"thumbnailUrl":"https:\/\/www.emperador.org\/wp-content\/uploads\/2008\/09\/30082008564-scaled-e1748431458875.jpg","keywords":["barry lyndon","Expo Zaragoza 2008","expozaragoza2008","juan luis guerra","M\u00fasica","Personal","septiembre","stanley kubrick","the chieftains"],"articleSection":["Cascarrabias","Personal"],"inLanguage":"es","potentialAction":[{"@type":"CommentAction","name":"Comment","target":["https:\/\/www.emperador.org\/index.php\/2008\/09\/06\/septiembre-agridulce-como-las-salsas-de-los-restaurantes-chinos\/#respond"]}]},{"@type":"WebPage","@id":"https:\/\/www.emperador.org\/index.php\/2008\/09\/06\/septiembre-agridulce-como-las-salsas-de-los-restaurantes-chinos\/","url":"https:\/\/www.emperador.org\/index.php\/2008\/09\/06\/septiembre-agridulce-como-las-salsas-de-los-restaurantes-chinos\/","name":"Septiembre agridulce (como las salsas de los restaurantes chinos) - Reflexiones y adicciones","isPartOf":{"@id":"https:\/\/www.emperador.org\/#website"},"primaryImageOfPage":{"@id":"https:\/\/www.emperador.org\/index.php\/2008\/09\/06\/septiembre-agridulce-como-las-salsas-de-los-restaurantes-chinos\/#primaryimage"},"image":{"@id":"https:\/\/www.emperador.org\/index.php\/2008\/09\/06\/septiembre-agridulce-como-las-salsas-de-los-restaurantes-chinos\/#primaryimage"},"thumbnailUrl":"https:\/\/www.emperador.org\/wp-content\/uploads\/2008\/09\/30082008564-scaled-e1748431458875.jpg","datePublished":"2008-09-06T18:47:45+00:00","dateModified":"2025-05-28T11:25:04+00:00","breadcrumb":{"@id":"https:\/\/www.emperador.org\/index.php\/2008\/09\/06\/septiembre-agridulce-como-las-salsas-de-los-restaurantes-chinos\/#breadcrumb"},"inLanguage":"es","potentialAction":[{"@type":"ReadAction","target":["https:\/\/www.emperador.org\/index.php\/2008\/09\/06\/septiembre-agridulce-como-las-salsas-de-los-restaurantes-chinos\/"]}]},{"@type":"ImageObject","inLanguage":"es","@id":"https:\/\/www.emperador.org\/index.php\/2008\/09\/06\/septiembre-agridulce-como-las-salsas-de-los-restaurantes-chinos\/#primaryimage","url":"https:\/\/www.emperador.org\/wp-content\/uploads\/2008\/09\/30082008564-scaled-e1748431458875.jpg","contentUrl":"https:\/\/www.emperador.org\/wp-content\/uploads\/2008\/09\/30082008564-scaled-e1748431458875.jpg","width":800,"height":600,"caption":"Actuaci\u00f3n de Juan Luis Guerra en la Expo 2008"},{"@type":"BreadcrumbList","@id":"https:\/\/www.emperador.org\/index.php\/2008\/09\/06\/septiembre-agridulce-como-las-salsas-de-los-restaurantes-chinos\/#breadcrumb","itemListElement":[{"@type":"ListItem","position":1,"name":"Portada","item":"https:\/\/www.emperador.org\/"},{"@type":"ListItem","position":2,"name":"Septiembre agridulce (como las salsas de los restaurantes chinos)"}]},{"@type":"WebSite","@id":"https:\/\/www.emperador.org\/#website","url":"https:\/\/www.emperador.org\/","name":"Reflexiones y adicciones","description":"Antonio J. Emperador Sau","publisher":{"@id":"https:\/\/www.emperador.org\/#\/schema\/person\/7f3131e5ad3870b5252d2320a24452b7"},"potentialAction":[{"@type":"SearchAction","target":{"@type":"EntryPoint","urlTemplate":"https:\/\/www.emperador.org\/?s={search_term_string}"},"query-input":{"@type":"PropertyValueSpecification","valueRequired":true,"valueName":"search_term_string"}}],"inLanguage":"es"},{"@type":["Person","Organization"],"@id":"https:\/\/www.emperador.org\/#\/schema\/person\/7f3131e5ad3870b5252d2320a24452b7","name":"Antonio Emperador Sau","image":{"@type":"ImageObject","inLanguage":"es","@id":"https:\/\/secure.gravatar.com\/avatar\/e3af7d1f8a4dc80a2f199c464a2476176b7940ce4dba16c8567686edc926f37a?s=96&d=mm&r=g","url":"https:\/\/secure.gravatar.com\/avatar\/e3af7d1f8a4dc80a2f199c464a2476176b7940ce4dba16c8567686edc926f37a?s=96&d=mm&r=g","contentUrl":"https:\/\/secure.gravatar.com\/avatar\/e3af7d1f8a4dc80a2f199c464a2476176b7940ce4dba16c8567686edc926f37a?s=96&d=mm&r=g","caption":"Antonio Emperador Sau"},"logo":{"@id":"https:\/\/secure.gravatar.com\/avatar\/e3af7d1f8a4dc80a2f199c464a2476176b7940ce4dba16c8567686edc926f37a?s=96&d=mm&r=g"},"sameAs":["https:\/\/www.emperador.org"],"url":"https:\/\/www.emperador.org\/index.php\/author\/antonio\/"}]}},"_links":{"self":[{"href":"https:\/\/www.emperador.org\/index.php\/wp-json\/wp\/v2\/posts\/162","targetHints":{"allow":["GET"]}}],"collection":[{"href":"https:\/\/www.emperador.org\/index.php\/wp-json\/wp\/v2\/posts"}],"about":[{"href":"https:\/\/www.emperador.org\/index.php\/wp-json\/wp\/v2\/types\/post"}],"author":[{"embeddable":true,"href":"https:\/\/www.emperador.org\/index.php\/wp-json\/wp\/v2\/users\/2"}],"replies":[{"embeddable":true,"href":"https:\/\/www.emperador.org\/index.php\/wp-json\/wp\/v2\/comments?post=162"}],"version-history":[{"count":12,"href":"https:\/\/www.emperador.org\/index.php\/wp-json\/wp\/v2\/posts\/162\/revisions"}],"predecessor-version":[{"id":551,"href":"https:\/\/www.emperador.org\/index.php\/wp-json\/wp\/v2\/posts\/162\/revisions\/551"}],"wp:featuredmedia":[{"embeddable":true,"href":"https:\/\/www.emperador.org\/index.php\/wp-json\/wp\/v2\/media\/550"}],"wp:attachment":[{"href":"https:\/\/www.emperador.org\/index.php\/wp-json\/wp\/v2\/media?parent=162"}],"wp:term":[{"taxonomy":"category","embeddable":true,"href":"https:\/\/www.emperador.org\/index.php\/wp-json\/wp\/v2\/categories?post=162"},{"taxonomy":"post_tag","embeddable":true,"href":"https:\/\/www.emperador.org\/index.php\/wp-json\/wp\/v2\/tags?post=162"}],"curies":[{"name":"wp","href":"https:\/\/api.w.org\/{rel}","templated":true}]}}