{"id":25,"date":"2007-10-18T13:15:38","date_gmt":"2007-10-18T11:15:38","guid":{"rendered":"http:\/\/www.emperador.org\/blog\/index.php\/2007\/10\/18\/celebres-zaragozanos-desconocidos-1-antonio-vidal\/"},"modified":"2025-06-03T15:52:38","modified_gmt":"2025-06-03T15:52:38","slug":"celebres-zaragozanos-desconocidos-1-antonio-vidal","status":"publish","type":"post","link":"https:\/\/www.emperador.org\/index.php\/2007\/10\/18\/celebres-zaragozanos-desconocidos-1-antonio-vidal\/","title":{"rendered":"C\u00e9lebres zaragozanos desconocidos (1): Antonio Vidal"},"content":{"rendered":"<p>Yo tuve la suerte y la desgracia de estudiar muchos a\u00f1os en el zaragozano colegio de los Dominicos de la Plaza San Francisco. A la salida de clases y ya desde peque\u00f1os, cruz\u00e1bamos al quiosco de prensa para cotillear sobre todo revistas. Hay que entender que eran los a\u00f1os 70 y hab\u00eda algunas portadas que ninguno nos quer\u00edamos perder.<\/p>\n<p>El quiosco lo llevaban los hermanos Vidal (bueno, lo siguen llevando) y, para m\u00ed, sobre todo Antonio. Antonio era, ante todo, una buena persona. Recuerdo que casi nos persegu\u00eda cuando nos pillaba mirando las revistas. Por otra parte no era extra\u00f1o ya que, algunas veces y tal y como se lo cont\u00e9 m\u00e1s tarde, ech\u00e1bamos mano de alguna de ellas, sobre todo comics y crucigramas, sin pasar por caja&#8230;<\/p>\n<p>Pero adem\u00e1s de buena persona era un intelectual, en el buen sentido de la palabra. Cuando yo ya ten\u00eda m\u00e1s de 20 a\u00f1os y devoraba libros, no pasaba una semana sin comprar y hablar con \u00e9l de literatura, pol\u00edtica y de lo que quisieras. Bien es cierto que todo buen quiosquero debe ser buen tertuliano pero Antonio era algo m\u00e1s.<\/p>\n<p>Muchos a\u00f1os y libros comprados forjaron casi una amistad, por otra parte compartida creo que con buena parte de Zaragoza. A finales de los 80 y en la d\u00e9cada de los 90, de forma sorprendente Antonio empez\u00f3 a hablar siempre en pareados y a veces costaba entenderle. Creo que su af\u00e1n por un lenguaje barroco junto con un poco de sinraz\u00f3n le hicieron volverse un poco raro pero siempre encantador.<\/p>\n<p>Quienes le conocimos, le quisimos. Muchos aprendimos de \u00e9l, hasta que un d\u00eda, hace unos 5 o 6 a\u00f1os, se nos fue.<\/p>\n<p>Desde aqu\u00ed un recuerdo<\/p>\n","protected":false},"excerpt":{"rendered":"<p>Yo tuve la suerte y la desgracia de estudiar muchos a\u00f1os en el zaragozano colegio de los Dominicos de la Plaza San Francisco. A la salida de clases y ya desde peque\u00f1os, cruz\u00e1bamos al quiosco de prensa para cotillear sobre todo revistas. Hay que entender que eran los a\u00f1os 70 y hab\u00eda algunas portadas que [&hellip;]<\/p>\n","protected":false},"author":2,"featured_media":1116,"comment_status":"open","ping_status":"open","sticky":false,"template":"","format":"standard","meta":{"site-container-style":"default","site-container-layout":"default","site-sidebar-layout":"default","disable-article-header":"default","disable-site-header":"default","disable-site-footer":"default","disable-content-area-spacing":"default","footnotes":""},"categories":[8],"tags":[19,20,209,21],"class_list":["post-25","post","type-post","status-publish","format-standard","has-post-thumbnail","hentry","category-personal","tag-antonio-vidal","tag-dominicos","tag-personal","tag-quiosco"],"yoast_head":"<!-- This site is optimized with the Yoast SEO plugin v27.3 - https:\/\/yoast.com\/product\/yoast-seo-wordpress\/ -->\n<title>C\u00e9lebres zaragozanos desconocidos (1): Antonio Vidal - Reflexiones y adicciones<\/title>\n<meta name=\"robots\" content=\"index, follow, max-snippet:-1, max-image-preview:large, max-video-preview:-1\" \/>\n<link rel=\"canonical\" href=\"https:\/\/www.emperador.org\/index.php\/2007\/10\/18\/celebres-zaragozanos-desconocidos-1-antonio-vidal\/\" \/>\n<meta property=\"og:locale\" content=\"es_ES\" \/>\n<meta property=\"og:type\" content=\"article\" \/>\n<meta property=\"og:title\" content=\"C\u00e9lebres zaragozanos desconocidos (1): Antonio Vidal - Reflexiones y adicciones\" \/>\n<meta property=\"og:description\" content=\"Yo tuve la suerte y la desgracia de estudiar muchos a\u00f1os en el zaragozano colegio de los Dominicos de la Plaza San Francisco. A la salida de clases y ya desde peque\u00f1os, cruz\u00e1bamos al quiosco de prensa para cotillear sobre todo revistas. Hay que entender que eran los a\u00f1os 70 y hab\u00eda algunas portadas que [&hellip;]\" \/>\n<meta property=\"og:url\" content=\"https:\/\/www.emperador.org\/index.php\/2007\/10\/18\/celebres-zaragozanos-desconocidos-1-antonio-vidal\/\" \/>\n<meta property=\"og:site_name\" content=\"Reflexiones y adicciones\" \/>\n<meta property=\"article:published_time\" content=\"2007-10-18T11:15:38+00:00\" \/>\n<meta property=\"article:modified_time\" content=\"2025-06-03T15:52:38+00:00\" \/>\n<meta property=\"og:image\" content=\"https:\/\/www.emperador.org\/wp-content\/uploads\/2007\/10\/quiosco-plaza-san-francisco.jpg\" \/>\n\t<meta property=\"og:image:width\" content=\"1221\" \/>\n\t<meta property=\"og:image:height\" content=\"689\" \/>\n\t<meta property=\"og:image:type\" content=\"image\/jpeg\" \/>\n<meta name=\"author\" content=\"Antonio Emperador Sau\" \/>\n<meta name=\"twitter:card\" content=\"summary_large_image\" \/>\n<meta name=\"twitter:label1\" content=\"Escrito por\" \/>\n\t<meta name=\"twitter:data1\" content=\"Antonio Emperador Sau\" \/>\n\t<meta name=\"twitter:label2\" content=\"Tiempo de lectura\" \/>\n\t<meta name=\"twitter:data2\" content=\"2 minutos\" \/>\n<script type=\"application\/ld+json\" class=\"yoast-schema-graph\">{\"@context\":\"https:\\\/\\\/schema.org\",\"@graph\":[{\"@type\":\"Article\",\"@id\":\"https:\\\/\\\/www.emperador.org\\\/index.php\\\/2007\\\/10\\\/18\\\/celebres-zaragozanos-desconocidos-1-antonio-vidal\\\/#article\",\"isPartOf\":{\"@id\":\"https:\\\/\\\/www.emperador.org\\\/index.php\\\/2007\\\/10\\\/18\\\/celebres-zaragozanos-desconocidos-1-antonio-vidal\\\/\"},\"author\":{\"name\":\"Antonio Emperador Sau\",\"@id\":\"https:\\\/\\\/www.emperador.org\\\/#\\\/schema\\\/person\\\/7f3131e5ad3870b5252d2320a24452b7\"},\"headline\":\"C\u00e9lebres zaragozanos desconocidos (1): Antonio Vidal\",\"datePublished\":\"2007-10-18T11:15:38+00:00\",\"dateModified\":\"2025-06-03T15:52:38+00:00\",\"mainEntityOfPage\":{\"@id\":\"https:\\\/\\\/www.emperador.org\\\/index.php\\\/2007\\\/10\\\/18\\\/celebres-zaragozanos-desconocidos-1-antonio-vidal\\\/\"},\"wordCount\":306,\"commentCount\":2,\"publisher\":{\"@id\":\"https:\\\/\\\/www.emperador.org\\\/#\\\/schema\\\/person\\\/7f3131e5ad3870b5252d2320a24452b7\"},\"image\":{\"@id\":\"https:\\\/\\\/www.emperador.org\\\/index.php\\\/2007\\\/10\\\/18\\\/celebres-zaragozanos-desconocidos-1-antonio-vidal\\\/#primaryimage\"},\"thumbnailUrl\":\"https:\\\/\\\/www.emperador.org\\\/wp-content\\\/uploads\\\/2007\\\/10\\\/quiosco-plaza-san-francisco.jpg\",\"keywords\":[\"antonio vidal\",\"dominicos\",\"Personal\",\"quiosco\"],\"articleSection\":[\"Personal\"],\"inLanguage\":\"es\",\"potentialAction\":[{\"@type\":\"CommentAction\",\"name\":\"Comment\",\"target\":[\"https:\\\/\\\/www.emperador.org\\\/index.php\\\/2007\\\/10\\\/18\\\/celebres-zaragozanos-desconocidos-1-antonio-vidal\\\/#respond\"]}]},{\"@type\":\"WebPage\",\"@id\":\"https:\\\/\\\/www.emperador.org\\\/index.php\\\/2007\\\/10\\\/18\\\/celebres-zaragozanos-desconocidos-1-antonio-vidal\\\/\",\"url\":\"https:\\\/\\\/www.emperador.org\\\/index.php\\\/2007\\\/10\\\/18\\\/celebres-zaragozanos-desconocidos-1-antonio-vidal\\\/\",\"name\":\"C\u00e9lebres zaragozanos desconocidos (1): Antonio Vidal - Reflexiones y adicciones\",\"isPartOf\":{\"@id\":\"https:\\\/\\\/www.emperador.org\\\/#website\"},\"primaryImageOfPage\":{\"@id\":\"https:\\\/\\\/www.emperador.org\\\/index.php\\\/2007\\\/10\\\/18\\\/celebres-zaragozanos-desconocidos-1-antonio-vidal\\\/#primaryimage\"},\"image\":{\"@id\":\"https:\\\/\\\/www.emperador.org\\\/index.php\\\/2007\\\/10\\\/18\\\/celebres-zaragozanos-desconocidos-1-antonio-vidal\\\/#primaryimage\"},\"thumbnailUrl\":\"https:\\\/\\\/www.emperador.org\\\/wp-content\\\/uploads\\\/2007\\\/10\\\/quiosco-plaza-san-francisco.jpg\",\"datePublished\":\"2007-10-18T11:15:38+00:00\",\"dateModified\":\"2025-06-03T15:52:38+00:00\",\"breadcrumb\":{\"@id\":\"https:\\\/\\\/www.emperador.org\\\/index.php\\\/2007\\\/10\\\/18\\\/celebres-zaragozanos-desconocidos-1-antonio-vidal\\\/#breadcrumb\"},\"inLanguage\":\"es\",\"potentialAction\":[{\"@type\":\"ReadAction\",\"target\":[\"https:\\\/\\\/www.emperador.org\\\/index.php\\\/2007\\\/10\\\/18\\\/celebres-zaragozanos-desconocidos-1-antonio-vidal\\\/\"]}]},{\"@type\":\"ImageObject\",\"inLanguage\":\"es\",\"@id\":\"https:\\\/\\\/www.emperador.org\\\/index.php\\\/2007\\\/10\\\/18\\\/celebres-zaragozanos-desconocidos-1-antonio-vidal\\\/#primaryimage\",\"url\":\"https:\\\/\\\/www.emperador.org\\\/wp-content\\\/uploads\\\/2007\\\/10\\\/quiosco-plaza-san-francisco.jpg\",\"contentUrl\":\"https:\\\/\\\/www.emperador.org\\\/wp-content\\\/uploads\\\/2007\\\/10\\\/quiosco-plaza-san-francisco.jpg\",\"width\":1221,\"height\":689},{\"@type\":\"BreadcrumbList\",\"@id\":\"https:\\\/\\\/www.emperador.org\\\/index.php\\\/2007\\\/10\\\/18\\\/celebres-zaragozanos-desconocidos-1-antonio-vidal\\\/#breadcrumb\",\"itemListElement\":[{\"@type\":\"ListItem\",\"position\":1,\"name\":\"Portada\",\"item\":\"https:\\\/\\\/www.emperador.org\\\/\"},{\"@type\":\"ListItem\",\"position\":2,\"name\":\"C\u00e9lebres zaragozanos desconocidos (1): Antonio Vidal\"}]},{\"@type\":\"WebSite\",\"@id\":\"https:\\\/\\\/www.emperador.org\\\/#website\",\"url\":\"https:\\\/\\\/www.emperador.org\\\/\",\"name\":\"Reflexiones y adicciones\",\"description\":\"Antonio J. Emperador Sau\",\"publisher\":{\"@id\":\"https:\\\/\\\/www.emperador.org\\\/#\\\/schema\\\/person\\\/7f3131e5ad3870b5252d2320a24452b7\"},\"potentialAction\":[{\"@type\":\"SearchAction\",\"target\":{\"@type\":\"EntryPoint\",\"urlTemplate\":\"https:\\\/\\\/www.emperador.org\\\/?s={search_term_string}\"},\"query-input\":{\"@type\":\"PropertyValueSpecification\",\"valueRequired\":true,\"valueName\":\"search_term_string\"}}],\"inLanguage\":\"es\"},{\"@type\":[\"Person\",\"Organization\"],\"@id\":\"https:\\\/\\\/www.emperador.org\\\/#\\\/schema\\\/person\\\/7f3131e5ad3870b5252d2320a24452b7\",\"name\":\"Antonio Emperador Sau\",\"image\":{\"@type\":\"ImageObject\",\"inLanguage\":\"es\",\"@id\":\"https:\\\/\\\/secure.gravatar.com\\\/avatar\\\/e3af7d1f8a4dc80a2f199c464a2476176b7940ce4dba16c8567686edc926f37a?s=96&d=mm&r=g\",\"url\":\"https:\\\/\\\/secure.gravatar.com\\\/avatar\\\/e3af7d1f8a4dc80a2f199c464a2476176b7940ce4dba16c8567686edc926f37a?s=96&d=mm&r=g\",\"contentUrl\":\"https:\\\/\\\/secure.gravatar.com\\\/avatar\\\/e3af7d1f8a4dc80a2f199c464a2476176b7940ce4dba16c8567686edc926f37a?s=96&d=mm&r=g\",\"caption\":\"Antonio Emperador Sau\"},\"logo\":{\"@id\":\"https:\\\/\\\/secure.gravatar.com\\\/avatar\\\/e3af7d1f8a4dc80a2f199c464a2476176b7940ce4dba16c8567686edc926f37a?s=96&d=mm&r=g\"},\"sameAs\":[\"https:\\\/\\\/www.emperador.org\"],\"url\":\"https:\\\/\\\/www.emperador.org\\\/index.php\\\/author\\\/antonio\\\/\"}]}<\/script>\n<!-- \/ Yoast SEO plugin. -->","yoast_head_json":{"title":"C\u00e9lebres zaragozanos desconocidos (1): Antonio Vidal - Reflexiones y adicciones","robots":{"index":"index","follow":"follow","max-snippet":"max-snippet:-1","max-image-preview":"max-image-preview:large","max-video-preview":"max-video-preview:-1"},"canonical":"https:\/\/www.emperador.org\/index.php\/2007\/10\/18\/celebres-zaragozanos-desconocidos-1-antonio-vidal\/","og_locale":"es_ES","og_type":"article","og_title":"C\u00e9lebres zaragozanos desconocidos (1): Antonio Vidal - Reflexiones y adicciones","og_description":"Yo tuve la suerte y la desgracia de estudiar muchos a\u00f1os en el zaragozano colegio de los Dominicos de la Plaza San Francisco. A la salida de clases y ya desde peque\u00f1os, cruz\u00e1bamos al quiosco de prensa para cotillear sobre todo revistas. Hay que entender que eran los a\u00f1os 70 y hab\u00eda algunas portadas que [&hellip;]","og_url":"https:\/\/www.emperador.org\/index.php\/2007\/10\/18\/celebres-zaragozanos-desconocidos-1-antonio-vidal\/","og_site_name":"Reflexiones y adicciones","article_published_time":"2007-10-18T11:15:38+00:00","article_modified_time":"2025-06-03T15:52:38+00:00","og_image":[{"width":1221,"height":689,"url":"https:\/\/www.emperador.org\/wp-content\/uploads\/2007\/10\/quiosco-plaza-san-francisco.jpg","type":"image\/jpeg"}],"author":"Antonio Emperador Sau","twitter_card":"summary_large_image","twitter_misc":{"Escrito por":"Antonio Emperador Sau","Tiempo de lectura":"2 minutos"},"schema":{"@context":"https:\/\/schema.org","@graph":[{"@type":"Article","@id":"https:\/\/www.emperador.org\/index.php\/2007\/10\/18\/celebres-zaragozanos-desconocidos-1-antonio-vidal\/#article","isPartOf":{"@id":"https:\/\/www.emperador.org\/index.php\/2007\/10\/18\/celebres-zaragozanos-desconocidos-1-antonio-vidal\/"},"author":{"name":"Antonio Emperador Sau","@id":"https:\/\/www.emperador.org\/#\/schema\/person\/7f3131e5ad3870b5252d2320a24452b7"},"headline":"C\u00e9lebres zaragozanos desconocidos (1): Antonio Vidal","datePublished":"2007-10-18T11:15:38+00:00","dateModified":"2025-06-03T15:52:38+00:00","mainEntityOfPage":{"@id":"https:\/\/www.emperador.org\/index.php\/2007\/10\/18\/celebres-zaragozanos-desconocidos-1-antonio-vidal\/"},"wordCount":306,"commentCount":2,"publisher":{"@id":"https:\/\/www.emperador.org\/#\/schema\/person\/7f3131e5ad3870b5252d2320a24452b7"},"image":{"@id":"https:\/\/www.emperador.org\/index.php\/2007\/10\/18\/celebres-zaragozanos-desconocidos-1-antonio-vidal\/#primaryimage"},"thumbnailUrl":"https:\/\/www.emperador.org\/wp-content\/uploads\/2007\/10\/quiosco-plaza-san-francisco.jpg","keywords":["antonio vidal","dominicos","Personal","quiosco"],"articleSection":["Personal"],"inLanguage":"es","potentialAction":[{"@type":"CommentAction","name":"Comment","target":["https:\/\/www.emperador.org\/index.php\/2007\/10\/18\/celebres-zaragozanos-desconocidos-1-antonio-vidal\/#respond"]}]},{"@type":"WebPage","@id":"https:\/\/www.emperador.org\/index.php\/2007\/10\/18\/celebres-zaragozanos-desconocidos-1-antonio-vidal\/","url":"https:\/\/www.emperador.org\/index.php\/2007\/10\/18\/celebres-zaragozanos-desconocidos-1-antonio-vidal\/","name":"C\u00e9lebres zaragozanos desconocidos (1): Antonio Vidal - Reflexiones y adicciones","isPartOf":{"@id":"https:\/\/www.emperador.org\/#website"},"primaryImageOfPage":{"@id":"https:\/\/www.emperador.org\/index.php\/2007\/10\/18\/celebres-zaragozanos-desconocidos-1-antonio-vidal\/#primaryimage"},"image":{"@id":"https:\/\/www.emperador.org\/index.php\/2007\/10\/18\/celebres-zaragozanos-desconocidos-1-antonio-vidal\/#primaryimage"},"thumbnailUrl":"https:\/\/www.emperador.org\/wp-content\/uploads\/2007\/10\/quiosco-plaza-san-francisco.jpg","datePublished":"2007-10-18T11:15:38+00:00","dateModified":"2025-06-03T15:52:38+00:00","breadcrumb":{"@id":"https:\/\/www.emperador.org\/index.php\/2007\/10\/18\/celebres-zaragozanos-desconocidos-1-antonio-vidal\/#breadcrumb"},"inLanguage":"es","potentialAction":[{"@type":"ReadAction","target":["https:\/\/www.emperador.org\/index.php\/2007\/10\/18\/celebres-zaragozanos-desconocidos-1-antonio-vidal\/"]}]},{"@type":"ImageObject","inLanguage":"es","@id":"https:\/\/www.emperador.org\/index.php\/2007\/10\/18\/celebres-zaragozanos-desconocidos-1-antonio-vidal\/#primaryimage","url":"https:\/\/www.emperador.org\/wp-content\/uploads\/2007\/10\/quiosco-plaza-san-francisco.jpg","contentUrl":"https:\/\/www.emperador.org\/wp-content\/uploads\/2007\/10\/quiosco-plaza-san-francisco.jpg","width":1221,"height":689},{"@type":"BreadcrumbList","@id":"https:\/\/www.emperador.org\/index.php\/2007\/10\/18\/celebres-zaragozanos-desconocidos-1-antonio-vidal\/#breadcrumb","itemListElement":[{"@type":"ListItem","position":1,"name":"Portada","item":"https:\/\/www.emperador.org\/"},{"@type":"ListItem","position":2,"name":"C\u00e9lebres zaragozanos desconocidos (1): Antonio Vidal"}]},{"@type":"WebSite","@id":"https:\/\/www.emperador.org\/#website","url":"https:\/\/www.emperador.org\/","name":"Reflexiones y adicciones","description":"Antonio J. Emperador Sau","publisher":{"@id":"https:\/\/www.emperador.org\/#\/schema\/person\/7f3131e5ad3870b5252d2320a24452b7"},"potentialAction":[{"@type":"SearchAction","target":{"@type":"EntryPoint","urlTemplate":"https:\/\/www.emperador.org\/?s={search_term_string}"},"query-input":{"@type":"PropertyValueSpecification","valueRequired":true,"valueName":"search_term_string"}}],"inLanguage":"es"},{"@type":["Person","Organization"],"@id":"https:\/\/www.emperador.org\/#\/schema\/person\/7f3131e5ad3870b5252d2320a24452b7","name":"Antonio Emperador Sau","image":{"@type":"ImageObject","inLanguage":"es","@id":"https:\/\/secure.gravatar.com\/avatar\/e3af7d1f8a4dc80a2f199c464a2476176b7940ce4dba16c8567686edc926f37a?s=96&d=mm&r=g","url":"https:\/\/secure.gravatar.com\/avatar\/e3af7d1f8a4dc80a2f199c464a2476176b7940ce4dba16c8567686edc926f37a?s=96&d=mm&r=g","contentUrl":"https:\/\/secure.gravatar.com\/avatar\/e3af7d1f8a4dc80a2f199c464a2476176b7940ce4dba16c8567686edc926f37a?s=96&d=mm&r=g","caption":"Antonio Emperador Sau"},"logo":{"@id":"https:\/\/secure.gravatar.com\/avatar\/e3af7d1f8a4dc80a2f199c464a2476176b7940ce4dba16c8567686edc926f37a?s=96&d=mm&r=g"},"sameAs":["https:\/\/www.emperador.org"],"url":"https:\/\/www.emperador.org\/index.php\/author\/antonio\/"}]}},"_links":{"self":[{"href":"https:\/\/www.emperador.org\/index.php\/wp-json\/wp\/v2\/posts\/25","targetHints":{"allow":["GET"]}}],"collection":[{"href":"https:\/\/www.emperador.org\/index.php\/wp-json\/wp\/v2\/posts"}],"about":[{"href":"https:\/\/www.emperador.org\/index.php\/wp-json\/wp\/v2\/types\/post"}],"author":[{"embeddable":true,"href":"https:\/\/www.emperador.org\/index.php\/wp-json\/wp\/v2\/users\/2"}],"replies":[{"embeddable":true,"href":"https:\/\/www.emperador.org\/index.php\/wp-json\/wp\/v2\/comments?post=25"}],"version-history":[{"count":1,"href":"https:\/\/www.emperador.org\/index.php\/wp-json\/wp\/v2\/posts\/25\/revisions"}],"predecessor-version":[{"id":1118,"href":"https:\/\/www.emperador.org\/index.php\/wp-json\/wp\/v2\/posts\/25\/revisions\/1118"}],"wp:featuredmedia":[{"embeddable":true,"href":"https:\/\/www.emperador.org\/index.php\/wp-json\/wp\/v2\/media\/1116"}],"wp:attachment":[{"href":"https:\/\/www.emperador.org\/index.php\/wp-json\/wp\/v2\/media?parent=25"}],"wp:term":[{"taxonomy":"category","embeddable":true,"href":"https:\/\/www.emperador.org\/index.php\/wp-json\/wp\/v2\/categories?post=25"},{"taxonomy":"post_tag","embeddable":true,"href":"https:\/\/www.emperador.org\/index.php\/wp-json\/wp\/v2\/tags?post=25"}],"curies":[{"name":"wp","href":"https:\/\/api.w.org\/{rel}","templated":true}]}}